{"id":1220,"date":"2019-06-03T12:25:50","date_gmt":"2019-06-03T10:25:50","guid":{"rendered":"https:\/\/hfs.schulen-offenbach.de\/cms\/?p=1220"},"modified":"2019-06-03T12:28:55","modified_gmt":"2019-06-03T10:28:55","slug":"jetzt-rockst-du-den-himmel","status":"publish","type":"post","link":"https:\/\/hfs.schulen-offenbach.de\/cms\/2019\/06\/03\/jetzt-rockst-du-den-himmel\/","title":{"rendered":"Jetzt rockst du den Himmel!"},"content":{"rendered":"<p style=\"text-align: center;\">Wir nehmen Abschied von unserem Sch\u00fcler Kai.<\/p>\n<p style=\"text-align: center;\">Nach einem Jahr des Kampfes, Hoffens und Bangens wurde Kai am Montag, den 27.05.2019 von seinen Schmerzen erl\u00f6st. Wir stehen seinen Eltern und der Sch\u00fclerschaft der Hafenschule in dieser schweren Zeit bei. Kai, der &#8222;unser Klassenclown&#8220;, der &#8222;beste Rocker aller Zeiten&#8220;, &#8222;f\u00fcr jeden Quatsch zu haben&#8220; war (Zitate seiner Klassenkameraden) und der Lehrer sowie Sch\u00fcler zum Lachen gebracht hat, werden wir immer in Erinnerung halten.<\/p>\n<p>&nbsp;<\/p>\n<p><img loading=\"lazy\" decoding=\"async\" class=\"wp-image-1221 aligncenter\" src=\"https:\/\/hfs.schulen-offenbach.de\/cms\/wp-content\/uploads\/2019\/06\/Kai-640x1024.jpg\" alt=\"\" width=\"229\" height=\"366\" srcset=\"https:\/\/hfs.schulen-offenbach.de\/cms\/wp-content\/uploads\/2019\/06\/Kai-640x1024.jpg 640w, https:\/\/hfs.schulen-offenbach.de\/cms\/wp-content\/uploads\/2019\/06\/Kai-187x300.jpg 187w, https:\/\/hfs.schulen-offenbach.de\/cms\/wp-content\/uploads\/2019\/06\/Kai-768x1229.jpg 768w\" sizes=\"auto, (max-width: 229px) 100vw, 229px\" \/><\/p>\n","protected":false},"excerpt":{"rendered":"<p>Wir nehmen Abschied von unserem Sch\u00fcler Kai. Nach einem Jahr des Kampfes, Hoffens und Bangens wurde Kai am Montag, den 27.05.2019 von seinen Schmerzen erl\u00f6st. Wir stehen seinen Eltern und der Sch\u00fclerschaft der Hafenschule in dieser schweren Zeit bei. Kai, der &#8222;unser Klassenclown&#8220;, der &#8222;beste Rocker aller Zeiten&#8220;, &#8222;f\u00fcr jeden Quatsch zu haben&#8220; war (Zitate seiner Klassenkameraden) und der Lehrer sowie Sch\u00fcler zum Lachen gebracht hat, werden wir immer in Erinnerung halten. &nbsp;<\/p>\n","protected":false},"author":3,"featured_media":0,"comment_status":"open","ping_status":"closed","sticky":false,"template":"","format":"standard","meta":{"_uag_custom_page_level_css":"","ngg_post_thumbnail":0,"footnotes":""},"categories":[1],"tags":[],"class_list":["post-1220","post","type-post","status-publish","format-standard","hentry","category-allgemein"],"uagb_featured_image_src":{"full":false,"thumbnail":false,"medium":false,"medium_large":false,"large":false,"1536x1536":false,"2048x2048":false,"ashe-slider-full-thumbnail":false,"ashe-full-thumbnail":false,"ashe-list-thumbnail":false,"ashe-grid-thumbnail":false,"ashe-single-navigation":false},"uagb_author_info":{"display_name":"Hafenschule Offenbach","author_link":"https:\/\/hfs.schulen-offenbach.de\/cms\/author\/hfsof\/"},"uagb_comment_info":0,"uagb_excerpt":"Wir nehmen Abschied von unserem Sch\u00fcler Kai. Nach einem Jahr des Kampfes, Hoffens und Bangens wurde Kai am Montag, den 27.05.2019 von seinen Schmerzen erl\u00f6st. Wir stehen seinen Eltern und der Sch\u00fclerschaft der Hafenschule in dieser schweren Zeit bei. Kai, der &#8222;unser Klassenclown&#8220;, der &#8222;beste Rocker aller Zeiten&#8220;, &#8222;f\u00fcr jeden Quatsch zu haben&#8220; war (Zitate&hellip;","_links":{"self":[{"href":"https:\/\/hfs.schulen-offenbach.de\/cms\/wp-json\/wp\/v2\/posts\/1220","targetHints":{"allow":["GET"]}}],"collection":[{"href":"https:\/\/hfs.schulen-offenbach.de\/cms\/wp-json\/wp\/v2\/posts"}],"about":[{"href":"https:\/\/hfs.schulen-offenbach.de\/cms\/wp-json\/wp\/v2\/types\/post"}],"author":[{"embeddable":true,"href":"https:\/\/hfs.schulen-offenbach.de\/cms\/wp-json\/wp\/v2\/users\/3"}],"replies":[{"embeddable":true,"href":"https:\/\/hfs.schulen-offenbach.de\/cms\/wp-json\/wp\/v2\/comments?post=1220"}],"version-history":[{"count":5,"href":"https:\/\/hfs.schulen-offenbach.de\/cms\/wp-json\/wp\/v2\/posts\/1220\/revisions"}],"predecessor-version":[{"id":1226,"href":"https:\/\/hfs.schulen-offenbach.de\/cms\/wp-json\/wp\/v2\/posts\/1220\/revisions\/1226"}],"wp:attachment":[{"href":"https:\/\/hfs.schulen-offenbach.de\/cms\/wp-json\/wp\/v2\/media?parent=1220"}],"wp:term":[{"taxonomy":"category","embeddable":true,"href":"https:\/\/hfs.schulen-offenbach.de\/cms\/wp-json\/wp\/v2\/categories?post=1220"},{"taxonomy":"post_tag","embeddable":true,"href":"https:\/\/hfs.schulen-offenbach.de\/cms\/wp-json\/wp\/v2\/tags?post=1220"}],"curies":[{"name":"wp","href":"https:\/\/api.w.org\/{rel}","templated":true}]}}