{"id":1322,"date":"2019-08-11T12:14:59","date_gmt":"2019-08-11T10:14:59","guid":{"rendered":"https:\/\/hfs.schulen-offenbach.de\/cms\/?p=1322"},"modified":"2019-08-11T12:14:59","modified_gmt":"2019-08-11T10:14:59","slug":"erster-schultag-nach-den-heissen-sommerferien","status":"publish","type":"post","link":"https:\/\/hfs.schulen-offenbach.de\/cms\/2019\/08\/11\/erster-schultag-nach-den-heissen-sommerferien\/","title":{"rendered":"Erster Schultag nach den hei\u00dfen Sommerferien"},"content":{"rendered":"<p>Liebe Eltern, Sch\u00fcler und Sch\u00fclerinnen,<\/p>\n<p>am Montag, den 12.8.2019 startet um 8.00 Uhr wieder die Schule in einem neuen Schuljahr!<\/p>\n<p>Die Einschulungsfeier f\u00fcr unsere kleinen Erstkl\u00e4ssler findet am 13.8.2019 um 10 Uhr auf unserem Schulhof statt.<\/p>\n<p>Wir freuen uns darauf!<\/p>\n","protected":false},"excerpt":{"rendered":"<p>Liebe Eltern, Sch\u00fcler und Sch\u00fclerinnen, am Montag, den 12.8.2019 startet um 8.00 Uhr wieder die Schule in einem neuen Schuljahr! Die Einschulungsfeier f\u00fcr unsere kleinen Erstkl\u00e4ssler findet am 13.8.2019 um 10 Uhr auf unserem Schulhof statt. Wir freuen uns darauf!<\/p>\n","protected":false},"author":3,"featured_media":0,"comment_status":"open","ping_status":"closed","sticky":false,"template":"","format":"standard","meta":{"_uag_custom_page_level_css":"","ngg_post_thumbnail":0,"footnotes":""},"categories":[1],"tags":[],"class_list":["post-1322","post","type-post","status-publish","format-standard","hentry","category-allgemein"],"uagb_featured_image_src":{"full":false,"thumbnail":false,"medium":false,"medium_large":false,"large":false,"1536x1536":false,"2048x2048":false,"ashe-slider-full-thumbnail":false,"ashe-full-thumbnail":false,"ashe-list-thumbnail":false,"ashe-grid-thumbnail":false,"ashe-single-navigation":false},"uagb_author_info":{"display_name":"Hafenschule Offenbach","author_link":"https:\/\/hfs.schulen-offenbach.de\/cms\/author\/hfsof\/"},"uagb_comment_info":0,"uagb_excerpt":"Liebe Eltern, Sch\u00fcler und Sch\u00fclerinnen, am Montag, den 12.8.2019 startet um 8.00 Uhr wieder die Schule in einem neuen Schuljahr! Die Einschulungsfeier f\u00fcr unsere kleinen Erstkl\u00e4ssler findet am 13.8.2019 um 10 Uhr auf unserem Schulhof statt. Wir freuen uns darauf!","_links":{"self":[{"href":"https:\/\/hfs.schulen-offenbach.de\/cms\/wp-json\/wp\/v2\/posts\/1322","targetHints":{"allow":["GET"]}}],"collection":[{"href":"https:\/\/hfs.schulen-offenbach.de\/cms\/wp-json\/wp\/v2\/posts"}],"about":[{"href":"https:\/\/hfs.schulen-offenbach.de\/cms\/wp-json\/wp\/v2\/types\/post"}],"author":[{"embeddable":true,"href":"https:\/\/hfs.schulen-offenbach.de\/cms\/wp-json\/wp\/v2\/users\/3"}],"replies":[{"embeddable":true,"href":"https:\/\/hfs.schulen-offenbach.de\/cms\/wp-json\/wp\/v2\/comments?post=1322"}],"version-history":[{"count":1,"href":"https:\/\/hfs.schulen-offenbach.de\/cms\/wp-json\/wp\/v2\/posts\/1322\/revisions"}],"predecessor-version":[{"id":1323,"href":"https:\/\/hfs.schulen-offenbach.de\/cms\/wp-json\/wp\/v2\/posts\/1322\/revisions\/1323"}],"wp:attachment":[{"href":"https:\/\/hfs.schulen-offenbach.de\/cms\/wp-json\/wp\/v2\/media?parent=1322"}],"wp:term":[{"taxonomy":"category","embeddable":true,"href":"https:\/\/hfs.schulen-offenbach.de\/cms\/wp-json\/wp\/v2\/categories?post=1322"},{"taxonomy":"post_tag","embeddable":true,"href":"https:\/\/hfs.schulen-offenbach.de\/cms\/wp-json\/wp\/v2\/tags?post=1322"}],"curies":[{"name":"wp","href":"https:\/\/api.w.org\/{rel}","templated":true}]}}