{"id":1345,"date":"2019-10-29T21:00:18","date_gmt":"2019-10-29T20:00:18","guid":{"rendered":"https:\/\/hfs.schulen-offenbach.de\/cms\/?p=1345"},"modified":"2019-10-29T22:04:05","modified_gmt":"2019-10-29T21:04:05","slug":"gruene-meilen-fuer-das-weltklima","status":"publish","type":"post","link":"https:\/\/hfs.schulen-offenbach.de\/cms\/2019\/10\/29\/gruene-meilen-fuer-das-weltklima\/","title":{"rendered":"Gr\u00fcne Meilen f\u00fcr das Weltklima"},"content":{"rendered":"<p>Das erste Mal haben wir die Gr\u00fcnen Meilen mitgesammelt. Die Sch\u00fclerinnen und Sch\u00fcler haben ihre Schulwege zu Fu\u00df, auf dem Roller, mit dem Fahrrad oder dem Bus zur\u00fcckgelegt und dabei t\u00e4glich eine Gr\u00fcne Meile gesammelt. Mit diesem Projekt konnten bereits die Kleinen etwas zum Klimaschutz beitragen!<\/p>\n<p>Einige Klassen haben dieses Thema eine ganze Woche als Projekt behandelt und sch\u00f6ne Ergebnisse erzielt, die an die Campagne weitergeleitet wurde. Siehe Beispiel aus Klasse 3c:<\/p>\n<p><img loading=\"lazy\" decoding=\"async\" class=\"alignnone size-large wp-image-1350\" src=\"https:\/\/hfs.schulen-offenbach.de\/cms\/wp-content\/uploads\/2019\/10\/f99998b7-8439-48d9-8054-91e29a48d6d9-1024x768.jpg\" alt=\"\" width=\"1024\" height=\"768\" srcset=\"https:\/\/hfs.schulen-offenbach.de\/cms\/wp-content\/uploads\/2019\/10\/f99998b7-8439-48d9-8054-91e29a48d6d9.jpg 1024w, https:\/\/hfs.schulen-offenbach.de\/cms\/wp-content\/uploads\/2019\/10\/f99998b7-8439-48d9-8054-91e29a48d6d9-300x225.jpg 300w, https:\/\/hfs.schulen-offenbach.de\/cms\/wp-content\/uploads\/2019\/10\/f99998b7-8439-48d9-8054-91e29a48d6d9-768x576.jpg 768w\" sizes=\"auto, (max-width: 1024px) 100vw, 1024px\" \/><\/p>\n<p>&nbsp;<\/p>\n<p>Hier kann man noch einige Fotos und weitere Informationen zu <a href=\"https:\/\/www.offenbach.de\/rathaus\/rathaus-aktuell\/pressemeldungen-oktober\/pressemeldungen-KW44\/klimarallye-gewinner-29.10.2019.php\">Gr\u00fcne Meilen 2019<\/a> erhalten.<\/p>\n","protected":false},"excerpt":{"rendered":"<p>Das erste Mal haben wir die Gr\u00fcnen Meilen mitgesammelt. Die Sch\u00fclerinnen und Sch\u00fcler haben ihre Schulwege zu Fu\u00df, auf dem Roller, mit dem Fahrrad oder dem Bus zur\u00fcckgelegt und dabei t\u00e4glich eine Gr\u00fcne Meile gesammelt. Mit diesem Projekt konnten bereits die Kleinen etwas zum Klimaschutz beitragen! Einige Klassen haben dieses Thema eine ganze Woche als Projekt behandelt und sch\u00f6ne Ergebnisse erzielt, die an die Campagne weitergeleitet wurde. Siehe Beispiel aus Klasse 3c: &nbsp; Hier kann man noch einige Fotos und weitere Informationen zu Gr\u00fcne Meilen 2019 erhalten.<\/p>\n","protected":false},"author":3,"featured_media":0,"comment_status":"open","ping_status":"closed","sticky":false,"template":"","format":"standard","meta":{"_uag_custom_page_level_css":"","ngg_post_thumbnail":0,"footnotes":""},"categories":[1],"tags":[],"class_list":["post-1345","post","type-post","status-publish","format-standard","hentry","category-allgemein"],"uagb_featured_image_src":{"full":false,"thumbnail":false,"medium":false,"medium_large":false,"large":false,"1536x1536":false,"2048x2048":false,"ashe-slider-full-thumbnail":false,"ashe-full-thumbnail":false,"ashe-list-thumbnail":false,"ashe-grid-thumbnail":false,"ashe-single-navigation":false},"uagb_author_info":{"display_name":"Hafenschule Offenbach","author_link":"https:\/\/hfs.schulen-offenbach.de\/cms\/author\/hfsof\/"},"uagb_comment_info":0,"uagb_excerpt":"Das erste Mal haben wir die Gr\u00fcnen Meilen mitgesammelt. Die Sch\u00fclerinnen und Sch\u00fcler haben ihre Schulwege zu Fu\u00df, auf dem Roller, mit dem Fahrrad oder dem Bus zur\u00fcckgelegt und dabei t\u00e4glich eine Gr\u00fcne Meile gesammelt. Mit diesem Projekt konnten bereits die Kleinen etwas zum Klimaschutz beitragen! Einige Klassen haben dieses Thema eine ganze Woche als&hellip;","_links":{"self":[{"href":"https:\/\/hfs.schulen-offenbach.de\/cms\/wp-json\/wp\/v2\/posts\/1345","targetHints":{"allow":["GET"]}}],"collection":[{"href":"https:\/\/hfs.schulen-offenbach.de\/cms\/wp-json\/wp\/v2\/posts"}],"about":[{"href":"https:\/\/hfs.schulen-offenbach.de\/cms\/wp-json\/wp\/v2\/types\/post"}],"author":[{"embeddable":true,"href":"https:\/\/hfs.schulen-offenbach.de\/cms\/wp-json\/wp\/v2\/users\/3"}],"replies":[{"embeddable":true,"href":"https:\/\/hfs.schulen-offenbach.de\/cms\/wp-json\/wp\/v2\/comments?post=1345"}],"version-history":[{"count":4,"href":"https:\/\/hfs.schulen-offenbach.de\/cms\/wp-json\/wp\/v2\/posts\/1345\/revisions"}],"predecessor-version":[{"id":1351,"href":"https:\/\/hfs.schulen-offenbach.de\/cms\/wp-json\/wp\/v2\/posts\/1345\/revisions\/1351"}],"wp:attachment":[{"href":"https:\/\/hfs.schulen-offenbach.de\/cms\/wp-json\/wp\/v2\/media?parent=1345"}],"wp:term":[{"taxonomy":"category","embeddable":true,"href":"https:\/\/hfs.schulen-offenbach.de\/cms\/wp-json\/wp\/v2\/categories?post=1345"},{"taxonomy":"post_tag","embeddable":true,"href":"https:\/\/hfs.schulen-offenbach.de\/cms\/wp-json\/wp\/v2\/tags?post=1345"}],"curies":[{"name":"wp","href":"https:\/\/api.w.org\/{rel}","templated":true}]}}