{"id":3722,"date":"2026-08-29T18:02:21","date_gmt":"2026-08-29T16:02:21","guid":{"rendered":"https:\/\/hfs.schulen-offenbach.de\/cms\/?p=3722"},"modified":"2026-08-29T18:02:21","modified_gmt":"2026-08-29T16:02:21","slug":"es-waechst-und-gedeiht-auf-unserem-schulhof","status":"publish","type":"post","link":"https:\/\/hfs.schulen-offenbach.de\/cms\/2026\/08\/29\/es-waechst-und-gedeiht-auf-unserem-schulhof\/","title":{"rendered":"Es w\u00e4chst und gedeiht auf unserem Schulhof"},"content":{"rendered":"<p class=\"PDq2pG_selectionAnchorContainer\" data-start=\"42\" data-end=\"219\">Auf unserem Schulhof gibt es inzwischen kleine gr\u00fcne Oasen. In unseren <strong data-start=\"113\" data-end=\"144\">Hochbeeten und Pflanzk\u00e4sten<\/strong> wurde flei\u00dfig ges\u00e4t und gepflanzt und das Ergebnis kann sich sehen lassen!<\/p>\n<p data-start=\"221\" data-end=\"534\">\u00dcber die vergangenen Monate sind viele tolle Pflanzen gewachsen. Besonders sch\u00f6n zu sehen ist, wie aus kleinen Samen nach und nach kr\u00e4ftige Pflanzen und sogar leckeres Gem\u00fcse und Obst entstanden sind.<\/p>\n<p class=\"PDq2pG_selectionAnchorContainer\" data-start=\"536\" data-end=\"890\">Auch in den Sommerferien durften unsere Pflanzen nat\u00fcrlich nicht auf dem Trockenen sitzen. <strong data-start=\"627\" data-end=\"701\">Ein ganz herzliches Dankesch\u00f6n gilt deshalb unseren engagierten Eltern<\/strong>, die sich w\u00e4hrend der Ferien regelm\u00e4\u00dfig um das Gie\u00dfen gek\u00fcmmert haben. Mit viel Einsatz und Zeit haben sie daf\u00fcr gesorgt, dass unsere Pflanzen die hei\u00dfen Sommertage gut \u00fcberstehen konnten.<\/p>\n<p data-start=\"892\" data-end=\"939\"><strong data-start=\"892\" data-end=\"936\">Vielen Dank f\u00fcr dieses tolle Engagement!<\/strong>&nbsp;<\/p>\nngg_shortcode_0_placeholder\n","protected":false},"excerpt":{"rendered":"<p>Auf unserem Schulhof gibt es inzwischen kleine gr\u00fcne Oasen. In unseren Hochbeeten und Pflanzk\u00e4sten wurde flei\u00dfig ges\u00e4t und gepflanzt und das Ergebnis kann sich sehen lassen! \u00dcber die vergangenen Monate sind viele tolle Pflanzen gewachsen. Besonders sch\u00f6n zu sehen ist, wie aus kleinen Samen nach und nach kr\u00e4ftige Pflanzen und sogar leckeres Gem\u00fcse und Obst entstanden sind. Auch in den Sommerferien durften unsere Pflanzen nat\u00fcrlich nicht auf dem Trockenen sitzen. Ein ganz herzliches Dankesch\u00f6n gilt deshalb unseren engagierten Eltern, die sich w\u00e4hrend der Ferien regelm\u00e4\u00dfig um das Gie\u00dfen gek\u00fcmmert haben. Mit viel Einsatz und Zeit haben sie daf\u00fcr gesorgt, dass unsere Pflanzen die hei\u00dfen Sommertage gut \u00fcberstehen konnten. Vielen Dank f\u00fcr dieses tolle Engagement!&nbsp;<\/p>\n","protected":false},"author":11,"featured_media":0,"comment_status":"open","ping_status":"closed","sticky":false,"template":"","format":"standard","meta":{"_uag_custom_page_level_css":"","ngg_post_thumbnail":0,"footnotes":""},"categories":[1],"tags":[],"class_list":["post-3722","post","type-post","status-publish","format-standard","hentry","category-allgemein"],"uagb_featured_image_src":{"full":false,"thumbnail":false,"medium":false,"medium_large":false,"large":false,"1536x1536":false,"2048x2048":false,"ashe-slider-full-thumbnail":false,"ashe-full-thumbnail":false,"ashe-list-thumbnail":false,"ashe-grid-thumbnail":false,"ashe-single-navigation":false},"uagb_author_info":{"display_name":"Esra Tasdirek","author_link":"https:\/\/hfs.schulen-offenbach.de\/cms\/author\/hfs_tasdirek\/"},"uagb_comment_info":0,"uagb_excerpt":"Auf unserem Schulhof gibt es inzwischen kleine gr\u00fcne Oasen. In unseren Hochbeeten und Pflanzk\u00e4sten wurde flei\u00dfig ges\u00e4t und gepflanzt und das Ergebnis kann sich sehen lassen! \u00dcber die vergangenen Monate sind viele tolle Pflanzen gewachsen. Besonders sch\u00f6n zu sehen ist, wie aus kleinen Samen nach und nach kr\u00e4ftige Pflanzen und sogar leckeres Gem\u00fcse und Obst&hellip;","_links":{"self":[{"href":"https:\/\/hfs.schulen-offenbach.de\/cms\/wp-json\/wp\/v2\/posts\/3722","targetHints":{"allow":["GET"]}}],"collection":[{"href":"https:\/\/hfs.schulen-offenbach.de\/cms\/wp-json\/wp\/v2\/posts"}],"about":[{"href":"https:\/\/hfs.schulen-offenbach.de\/cms\/wp-json\/wp\/v2\/types\/post"}],"author":[{"embeddable":true,"href":"https:\/\/hfs.schulen-offenbach.de\/cms\/wp-json\/wp\/v2\/users\/11"}],"replies":[{"embeddable":true,"href":"https:\/\/hfs.schulen-offenbach.de\/cms\/wp-json\/wp\/v2\/comments?post=3722"}],"version-history":[{"count":3,"href":"https:\/\/hfs.schulen-offenbach.de\/cms\/wp-json\/wp\/v2\/posts\/3722\/revisions"}],"predecessor-version":[{"id":3732,"href":"https:\/\/hfs.schulen-offenbach.de\/cms\/wp-json\/wp\/v2\/posts\/3722\/revisions\/3732"}],"wp:attachment":[{"href":"https:\/\/hfs.schulen-offenbach.de\/cms\/wp-json\/wp\/v2\/media?parent=3722"}],"wp:term":[{"taxonomy":"category","embeddable":true,"href":"https:\/\/hfs.schulen-offenbach.de\/cms\/wp-json\/wp\/v2\/categories?post=3722"},{"taxonomy":"post_tag","embeddable":true,"href":"https:\/\/hfs.schulen-offenbach.de\/cms\/wp-json\/wp\/v2\/tags?post=3722"}],"curies":[{"name":"wp","href":"https:\/\/api.w.org\/{rel}","templated":true}]}}